{"id":17,"__str__":"Projeto de Lei Complementar n\u00ba 42 de 2023","link_detail_backend":"/materia/17","metadata":{},"numero":42,"ano":2023,"numero_protocolo":null,"data_apresentacao":"2023-03-06","tipo_apresentacao":"E","data_publicacao":null,"numero_origem_externa":"","ano_origem_externa":null,"data_origem_externa":null,"apelido":"","dias_prazo":null,"data_fim_prazo":null,"em_tramitacao":true,"polemica":false,"objeto":"","complementar":true,"ementa":"DISP\u00d5E SOBRE REAJUSTE E REVIS\u00c3O GERAL ANUAL, A T\u00cdTULO DE REPOSI\u00c7\u00c3O INFLACION\u00c1RIA, PREVISTA NO ART. 37, INCISO X DA CONSTITUI\u00c7\u00c3O FEDERAL, PELA APLICA\u00c7\u00c3O DO \u00cdNDICE DE 7,00% REFERENTE A 5,77% CORRESPONDENTE A RECOMPOSI\u00c7\u00c3O DA INFLA\u00c7\u00c3O MEDIDA PELO \u00cdNDICE NACIONAL DE PRE\u00c7OS AO CONSUMIDOR AMPLO (IPCA) E 1,23% DE AUMENTO REAL E DA OUTRAS PROVID\u00caNCIAS.","indexacao":"","observacao":"","resultado":"","texto_original":"http://sapl.saotome.pr.leg.br/media/sapl/public/materialegislativa/2023/17/projeto_de_lei_complementar_042_2023.pdf","data_ultima_atualizacao":"2023-03-07T15:03:38.109925-03:00","ip":"190.120.225.11","ultima_edicao":"2023-03-07T14:56:07.405547-03:00","tipo":2,"regime_tramitacao":1,"tipo_origem_externa":null,"local_origem_externa":null,"user":2,"anexadas":[],"autores":[3]}