{"id":228,"__str__":"Indica\u00e7\u00e3o n\u00ba 2 de 2025","link_detail_backend":"/materia/228","metadata":{},"numero":2,"ano":2025,"numero_protocolo":null,"data_apresentacao":"2025-02-03","tipo_apresentacao":"E","data_publicacao":null,"numero_origem_externa":"","ano_origem_externa":null,"data_origem_externa":null,"apelido":"","dias_prazo":null,"data_fim_prazo":null,"em_tramitacao":true,"polemica":false,"objeto":"","complementar":false,"ementa":"Indica que encaminhe a esta Casa de Leis um projeto de lei visando autorizar a redu\u00e7\u00e3o em parte da jornada de trabalho para os servidores p\u00fablicos municipais que sejam pais/respons\u00e1veis para acompanhamento de pessoas com defici\u00eancia, e d\u00e1 outras provid\u00eancias.","indexacao":"","observacao":"","resultado":"","texto_original":"http://sapl.saotome.pr.leg.br/media/sapl/public/materialegislativa/2025/228/indicacao_002_2025.pdf","data_ultima_atualizacao":"2025-02-05T10:49:22.734861-03:00","ip":"190.120.225.73","ultima_edicao":"2025-02-05T10:22:03.167849-03:00","tipo":8,"regime_tramitacao":1,"tipo_origem_externa":null,"local_origem_externa":null,"user":2,"anexadas":[],"autores":[23]}