{"id":270,"__str__":"Mo\u00e7\u00e3o n\u00ba 1 de 2025","link_detail_backend":"/materia/270","metadata":{},"numero":1,"ano":2025,"numero_protocolo":null,"data_apresentacao":"2025-06-30","tipo_apresentacao":"E","data_publicacao":null,"numero_origem_externa":"","ano_origem_externa":null,"data_origem_externa":null,"apelido":"","dias_prazo":null,"data_fim_prazo":null,"em_tramitacao":false,"polemica":false,"objeto":"","complementar":false,"ementa":"Mo\u00e7\u00e3o de Apoio visando o encaminhamento de expediente \u00e0 Presid\u00eancia da Rep\u00fablica; ao Minist\u00e9rio da Educa\u00e7\u00e3o; aos Gabinetes das Presid\u00eancias do Senado Federal e da C\u00e2mara dos Deputados; \u00e0 Federa\u00e7\u00e3o Nacional das APAEs (FENAPAES) e \u00e0 APAE de S\u00e3o Tom\u00e9, para que recebam como manifesta\u00e7\u00e3o de vontade do Povo de S\u00e3o Tom\u00e9, expressa por meio de seus representantes legitimamente eleitos, no sentido de externar o APOIO IRRESTRITO \u00e0s Associa\u00e7\u00f5es de Pais e Amigos dos Excepcionais - APAEs e institui\u00e7\u00f5es cong\u00eaneres, diante da grave amea\u00e7a \u00e0 continuidade de seus servi\u00e7os, caso se concretize a proposta de unifica\u00e7\u00e3o da educa\u00e7\u00e3o especial com a educa\u00e7\u00e3oregular e a consequente suspens\u00e3o de repasses p\u00fablicos espec\u00edficos.","indexacao":"","observacao":"","resultado":"","texto_original":"http://sapl.saotome.pr.leg.br/media/sapl/public/materialegislativa/2025/270/mocao_de_apoio_012025.pdf","data_ultima_atualizacao":"2025-07-01T15:17:58.026557-03:00","ip":"190.120.225.73","ultima_edicao":"2025-07-01T14:58:07.631594-03:00","tipo":10,"regime_tramitacao":1,"tipo_origem_externa":null,"local_origem_externa":null,"user":2,"anexadas":[],"autores":[14,27,23,15,30,26,29,7,28]}