{"id":29,"__str__":"Projeto de Lei n\u00ba 304 de 2023","link_detail_backend":"/materia/29","metadata":{},"numero":304,"ano":2023,"numero_protocolo":null,"data_apresentacao":"2023-04-17","tipo_apresentacao":"E","data_publicacao":null,"numero_origem_externa":"","ano_origem_externa":null,"data_origem_externa":null,"apelido":"","dias_prazo":null,"data_fim_prazo":null,"em_tramitacao":true,"polemica":false,"objeto":"","complementar":false,"ementa":"INSTITUI A POL\u00cdTICA MUNICIPAL DE PROTE\u00c7\u00c3O DOS DIREITOS DA PESSOA COM TRANSTORNO DE ESPECTRO AUTISTA NO MUNIC\u00cdPIO DE S\u00c3O TOM\u00c9, ESTADO DO PARAN\u00c1 E D\u00c1 OUTRAS PROVID\u00caNCIAS.","indexacao":"","observacao":"","resultado":"","texto_original":"http://sapl.saotome.pr.leg.br/media/sapl/public/materialegislativa/2023/29/projeto_de_lei_3042023.pdf","data_ultima_atualizacao":"2023-04-18T09:50:06.533854-03:00","ip":"190.120.225.11","ultima_edicao":"2023-04-18T09:42:41.624996-03:00","tipo":1,"regime_tramitacao":1,"tipo_origem_externa":null,"local_origem_externa":null,"user":2,"anexadas":[],"autores":[7]}